{"id":13075,"date":"2023-05-18T15:46:06","date_gmt":"2023-05-18T15:46:06","guid":{"rendered":"https:\/\/complementarcursos.com.br\/blog\/?p=13075"},"modified":"2023-05-18T15:51:04","modified_gmt":"2023-05-18T15:51:04","slug":"o-que-e-aprender-o-cerebro-e-a-memoria","status":"publish","type":"post","link":"https:\/\/complementarcursos.com.br\/blog\/o-que-e-aprender-o-cerebro-e-a-memoria\/","title":{"rendered":"O que \u00e9 aprender? &#8211; O C\u00e9rebro e a mem\u00f3ria"},"content":{"rendered":"\n<p>Como anunciado na <a href=\"https:\/\/complementarcursos.com.br\/blog\/o-que-e-aprender-parte1\/\">parte 1<\/a> desta s\u00e9rie de textos sobre O que \u00e9 aprender?, vamos come\u00e7ar explorando os processos biof\u00edsicos do aprendizado, como o c\u00e9rebro aprende, como ele assimila o conhecimento?&nbsp;<\/p>\n\n\n\n<p>Primeiro vamos come\u00e7ar falando um pouco da mem\u00f3ria, parte importante da nossa condi\u00e7\u00e3o de ser humano. Como j\u00e1 falado anteriormente, at\u00e9 o s\u00e9culo XVI, aprender era sin\u00f4nimo de memorizar. O nosso c\u00e9rebro consegue criar mem\u00f3rias atrav\u00e9s de altera\u00e7\u00f5es estruturais entre as conex\u00f5es que nossos neur\u00f4nios fazem entre si. A mem\u00f3ria de trabalho \u00e9 uma mem\u00f3ria de curto prazo, ou seja, uma mem\u00f3ria que armazena informa\u00e7\u00f5es por um curto per\u00edodo de tempo. Apesar de ser uma mem\u00f3ria mais vol\u00e1til, ela \u00e9 fundamental para diversos processos cognitivos, entre eles, a manuten\u00e7\u00e3o do nosso foco em determinados tipos de informa\u00e7\u00f5es que s\u00e3o bastante importantes para o nosso aprendizado. Atrav\u00e9s da mem\u00f3ria de trabalho que conseguimos manter um pensamento l\u00f3gico, uma sequ\u00eancia que fa\u00e7a sentido para n\u00f3s enquanto estamos absorvendo informa\u00e7\u00f5es a fim de aprender algo.&nbsp;<\/p>\n\n\n\n<p>Voc\u00ea j\u00e1 deve ter passado por isso: ao ler um livro, perder a aten\u00e7\u00e3o por um momento pensando na sua lista de compra ou algum outro compromisso importante do seu dia e, quando a aten\u00e7\u00e3o \u00e9 retomada, voc\u00ea passou por algumas p\u00e1ginas e n\u00e3o consegue estabelecer uma liga\u00e7\u00e3o entre a \u00faltima coisa que leu com aten\u00e7\u00e3o com a p\u00e1gina atual, pois sua mem\u00f3ria de trabalho n\u00e3o foi capaz de focar nas p\u00e1ginas perdidas. Logo, a sequ\u00eancia l\u00f3gica foi quebrada, voc\u00ea fica perdido e tem que retomar a leitura das p\u00e1ginas que perdeu a aten\u00e7\u00e3o.&nbsp;<\/p>\n\n\n\n<p>Agora sabemos o que \u00e9 mem\u00f3ria de trabalho e sua fun\u00e7\u00e3o na constru\u00e7\u00e3o do conhecimento. Mas, fisicamente, onde fica armazenada esta mem\u00f3ria de trabalho? A mem\u00f3ria de trabalho depende de tr\u00eas partes importantes do nosso c\u00e9rebro: a primeira parte \u00e9 o c\u00f3rtex pr\u00e9-frontal, o lobo temporal e lobo occipital.<\/p>\n\n\n\n<figure class=\"wp-block-image size-large\"><img loading=\"lazy\" decoding=\"async\" width=\"1024\" height=\"813\" src=\"https:\/\/complementarcursos.com.br\/blog\/wp-content\/uploads\/2023\/05\/brain-g119328f08_1280-1024x813.png\" alt=\"\" class=\"wp-image-13076\" srcset=\"https:\/\/complementarcursos.com.br\/blog\/wp-content\/uploads\/2023\/05\/brain-g119328f08_1280-1024x813.png 1024w, https:\/\/complementarcursos.com.br\/blog\/wp-content\/uploads\/2023\/05\/brain-g119328f08_1280-300x238.png 300w, https:\/\/complementarcursos.com.br\/blog\/wp-content\/uploads\/2023\/05\/brain-g119328f08_1280-768x610.png 768w, https:\/\/complementarcursos.com.br\/blog\/wp-content\/uploads\/2023\/05\/brain-g119328f08_1280.png 1280w\" sizes=\"auto, (max-width: 1024px) 100vw, 1024px\" \/><figcaption class=\"wp-element-caption\">Estrutura geral do c\u00e9rebro: o c\u00f3rtex pr\u00e9-frontal est\u00e1 localizado na parte frontal do c\u00e9rebro (frontal conv.), o lobo temporal na parte m\u00e9dia inferior (temporal conv.) e o lobo occipital na parte posterior (occipital).<\/figcaption><\/figure>\n\n\n\n<p>O desenvolvimento e a complexidade de atua\u00e7\u00e3o do nosso c\u00f3rtex pr\u00e9-frontal \u00e9 o que nos diferenciam dos outros animais. Uma das suas principais fun\u00e7\u00f5es \u00e9 o controle executivo, que s\u00e3o os processos cognitivos b\u00e1sicos essenciais para o controle do nosso comportamento, sendo um deles, o aprendizado.&nbsp;<\/p>\n\n\n\n<p>O lobo temporal tem por fun\u00e7\u00e3o a audi\u00e7\u00e3o e a compreens\u00e3o da palavra falada. O lobo occipital \u00e9 conhecido por ser um lobo visual e sua principal fun\u00e7\u00e3o \u00e9 a compreens\u00e3o de imagens.&nbsp;<\/p>\n\n\n\n<p>Assim, a mem\u00f3ria de trabalho pode ser dividida em 2 tipos: a mem\u00f3ria operacional auditiva exercida pelo lobo temporal e a mem\u00f3ria visuoespacial exercida pelo lobo occipital.&nbsp;<\/p>\n\n\n\n<p>Por\u00e9m, a mem\u00f3ria de trabalho tem suas limita\u00e7\u00f5es. Imagine a seguinte situa\u00e7\u00e3o, abra um outro texto aqui do nosso blog, tente l\u00ea-lo em 30 segundos e fa\u00e7a um resumo do que leu. Depois disso, leia o texto com calma e veja se seu resumo corresponde ao real significado do texto. Voc\u00ea ver\u00e1 que seu resumo n\u00e3o corresponde \u00e0 totalidade do&nbsp;texto. Voc\u00ea pode ter compreendido errado algum par\u00e1grafo ou pulou alguma parte importante. O tempo que voc\u00ea utilizou pra fazer o primeiro resumo n\u00e3o foi suficiente para conseguir entender o texto em si. Basicamente, fez com que sua mem\u00f3ria de trabalho n\u00e3o conseguisse reter as informa\u00e7\u00f5es e voc\u00ea n\u00e3o p\u00f4de trabalhar sobre ele porque n\u00e3o existiu uma sequ\u00eancia l\u00f3gica&nbsp;no texto pois sua mem\u00f3ria de trabalho estava deficiente.&nbsp;<\/p>\n\n\n\n<p>Esse breve exerc\u00edcio tem rela\u00e7\u00e3o com o nosso processo de aprendizado, uma vez que qualquer tipo de d\u00e9ficit faz com que n\u00f3s n\u00e3o consigamos reter temporariamente as informa\u00e7\u00f5es prejudicando o nosso aprendizado como um todo.&nbsp;<\/p>\n\n\n\n<p>Sendo assim, pode-se dizer que a nossa mem\u00f3ria operacional \u00e9 regida pela nossa aten\u00e7\u00e3o, ou seja, o foco que a gente consegue dar a um determinado tipo espec\u00edfico de informa\u00e7\u00e3o. Ent\u00e3o, s\u00f3 conseguimos transformar essa mem\u00f3ria de curto prazo ou essa mem\u00f3ria de trabalho em uma mem\u00f3ria duradoura, de longo prazo, atrav\u00e9s da aten\u00e7\u00e3o, foco e repeti\u00e7\u00e3o. Sobre temas como nossa sa\u00fade mental, aten\u00e7\u00e3o e foco, temos uma \u00f3tima s\u00e9rie aqui no nosso blog que exploram esses temas. Confiram: https:\/\/complementarcursos.com.br\/blog\/category\/aprender\/<\/p>\n\n\n\n<p>Vimos aqui o papel do c\u00e9rebro e da mem\u00f3ria de curto prazo no aprendizado e procedimentos que necessitamos para aprender. Mas paira a d\u00favida: como nosso c\u00e9rebro consolida nosso aprendizado, ou seja, como ele transforma as mem\u00f3rias de curto prazo em longo prazo? Iremos explorar isso na nossa pr\u00f3xima coluna.&nbsp;<\/p>\n\n\n\n<p>Obrigado.&nbsp;<\/p>\n\n\n\n<p>Abra\u00e7os,&nbsp;<\/p>\n\n\n\n<p>Refer\u00eancias:&nbsp;<\/p>\n\n\n\n<p>Chai WJ, Abd Hamid AI and Abdullah JM (2018) Working Memory From the Psychological and Neurosciences Perspectives: A Review. Front. Psychol. 9:401. DOI: 10.3389\/fpsyg.2018.00401&nbsp;<\/p>\n\n\n\n<p>Eriksson J, Vogel EK, Lansner A, Bergstr\u00f6m F, Nyberg L. Neurocognitive Architecture of Working Memory. Neuron. 2015;88(1):33-46. doi:10.1016\/j.neuron.2015.09.020&nbsp;<\/p>\n","protected":false},"excerpt":{"rendered":"<p>Como anunciado na parte 1 desta s\u00e9rie de textos sobre O que \u00e9 aprender?, vamos come\u00e7ar explorando os processos biof\u00edsicos do aprendizado, como o c\u00e9rebro aprende, como ele assimila o conhecimento?&nbsp; Primeiro vamos come\u00e7ar falando um pouco da mem\u00f3ria, parte importante da nossa condi\u00e7\u00e3o de ser humano. Como j\u00e1 falado anteriormente, at\u00e9 o s\u00e9culo XVI, [&hellip;]<\/p>\n","protected":false},"author":1,"featured_media":13070,"comment_status":"open","ping_status":"open","sticky":true,"template":"","format":"standard","meta":{"footnotes":""},"categories":[17],"tags":[25,27,24,26],"class_list":["post-13075","post","type-post","status-publish","format-standard","has-post-thumbnail","hentry","category-aprender","tag-aprender","tag-aprendizado","tag-cerebro","tag-o-que-e-aprende"],"blocksy_meta":[],"featured_image_urls_v2":{"full":["https:\/\/complementarcursos.com.br\/blog\/wp-content\/uploads\/2023\/05\/brain-g10483bbcf_1280.png",1280,1050,false],"thumbnail":["https:\/\/complementarcursos.com.br\/blog\/wp-content\/uploads\/2023\/05\/brain-g10483bbcf_1280-150x150.png",150,150,true],"medium":["https:\/\/complementarcursos.com.br\/blog\/wp-content\/uploads\/2023\/05\/brain-g10483bbcf_1280-300x246.png",300,246,true],"medium_large":["https:\/\/complementarcursos.com.br\/blog\/wp-content\/uploads\/2023\/05\/brain-g10483bbcf_1280-768x630.png",768,630,true],"large":["https:\/\/complementarcursos.com.br\/blog\/wp-content\/uploads\/2023\/05\/brain-g10483bbcf_1280-1024x840.png",1024,840,true],"1536x1536":["https:\/\/complementarcursos.com.br\/blog\/wp-content\/uploads\/2023\/05\/brain-g10483bbcf_1280.png",1280,1050,false],"2048x2048":["https:\/\/complementarcursos.com.br\/blog\/wp-content\/uploads\/2023\/05\/brain-g10483bbcf_1280.png",1280,1050,false]},"post_excerpt_stackable_v2":"<p>Como anunciado na parte 1 desta s\u00e9rie de textos sobre O que \u00e9 aprender?, vamos come\u00e7ar explorando os processos biof\u00edsicos do aprendizado, como o c\u00e9rebro aprende, como ele assimila o conhecimento?&nbsp; Primeiro vamos come\u00e7ar falando um pouco da mem\u00f3ria, parte importante da nossa condi\u00e7\u00e3o de ser humano. Como j\u00e1 falado anteriormente, at\u00e9 o s\u00e9culo XVI, aprender era sin\u00f4nimo de memorizar. O nosso c\u00e9rebro consegue criar mem\u00f3rias atrav\u00e9s de altera\u00e7\u00f5es estruturais entre as conex\u00f5es que nossos neur\u00f4nios fazem entre si. A mem\u00f3ria de trabalho \u00e9 uma mem\u00f3ria de curto prazo, ou seja, uma mem\u00f3ria que armazena informa\u00e7\u00f5es por um curto per\u00edodo&hellip;<\/p>\n","category_list_v2":"<a href=\"https:\/\/complementarcursos.com.br\/blog\/category\/aprender\/\" rel=\"category tag\">Aprender<\/a>","author_info_v2":{"name":"Reda\u00e7\u00e3o Complementar","url":"https:\/\/complementarcursos.com.br\/blog\/author\/root\/"},"comments_num_v2":"0 coment\u00e1rio","yoast_head":"<!-- This site is optimized with the Yoast SEO plugin v24.5 - https:\/\/yoast.com\/wordpress\/plugins\/seo\/ -->\n<title>O que \u00e9 aprender? - O C\u00e9rebro e a mem\u00f3ria - Complementar cursos<\/title>\n<meta name=\"robots\" content=\"index, follow, max-snippet:-1, max-image-preview:large, max-video-preview:-1\" \/>\n<link rel=\"canonical\" href=\"https:\/\/complementarcursos.com.br\/blog\/o-que-e-aprender-o-cerebro-e-a-memoria\/\" \/>\n<meta property=\"og:locale\" content=\"pt_BR\" \/>\n<meta property=\"og:type\" content=\"article\" \/>\n<meta property=\"og:title\" content=\"O que \u00e9 aprender? - O C\u00e9rebro e a mem\u00f3ria - Complementar cursos\" \/>\n<meta property=\"og:description\" content=\"Como anunciado na parte 1 desta s\u00e9rie de textos sobre O que \u00e9 aprender?, vamos come\u00e7ar explorando os processos biof\u00edsicos do aprendizado, como o c\u00e9rebro aprende, como ele assimila o conhecimento?&nbsp; Primeiro vamos come\u00e7ar falando um pouco da mem\u00f3ria, parte importante da nossa condi\u00e7\u00e3o de ser humano. Como j\u00e1 falado anteriormente, at\u00e9 o s\u00e9culo XVI, [&hellip;]\" \/>\n<meta property=\"og:url\" content=\"https:\/\/complementarcursos.com.br\/blog\/o-que-e-aprender-o-cerebro-e-a-memoria\/\" \/>\n<meta property=\"og:site_name\" content=\"Complementar cursos\" \/>\n<meta property=\"article:published_time\" content=\"2023-05-18T15:46:06+00:00\" \/>\n<meta property=\"article:modified_time\" content=\"2023-05-18T15:51:04+00:00\" \/>\n<meta property=\"og:image\" content=\"https:\/\/complementarcursos.com.br\/blog\/wp-content\/uploads\/2023\/05\/brain-g10483bbcf_1280.png\" \/>\n\t<meta property=\"og:image:width\" content=\"1280\" \/>\n\t<meta property=\"og:image:height\" content=\"1050\" \/>\n\t<meta property=\"og:image:type\" content=\"image\/png\" \/>\n<meta name=\"author\" content=\"Reda\u00e7\u00e3o Complementar\" \/>\n<meta name=\"twitter:card\" content=\"summary_large_image\" \/>\n<meta name=\"twitter:label1\" content=\"Escrito por\" \/>\n\t<meta name=\"twitter:data1\" content=\"Reda\u00e7\u00e3o Complementar\" \/>\n\t<meta name=\"twitter:label2\" content=\"Est. tempo de leitura\" \/>\n\t<meta name=\"twitter:data2\" content=\"5 minutos\" \/>\n<script type=\"application\/ld+json\" class=\"yoast-schema-graph\">{\"@context\":\"https:\/\/schema.org\",\"@graph\":[{\"@type\":\"Article\",\"@id\":\"https:\/\/complementarcursos.com.br\/blog\/o-que-e-aprender-o-cerebro-e-a-memoria\/#article\",\"isPartOf\":{\"@id\":\"https:\/\/complementarcursos.com.br\/blog\/o-que-e-aprender-o-cerebro-e-a-memoria\/\"},\"author\":{\"name\":\"Reda\u00e7\u00e3o Complementar\",\"@id\":\"https:\/\/complementarcursos.com.br\/blog\/#\/schema\/person\/d37d6ed0f46d29af17648861ea93129d\"},\"headline\":\"O que \u00e9 aprender? &#8211; O C\u00e9rebro e a mem\u00f3ria\",\"datePublished\":\"2023-05-18T15:46:06+00:00\",\"dateModified\":\"2023-05-18T15:51:04+00:00\",\"mainEntityOfPage\":{\"@id\":\"https:\/\/complementarcursos.com.br\/blog\/o-que-e-aprender-o-cerebro-e-a-memoria\/\"},\"wordCount\":922,\"commentCount\":0,\"publisher\":{\"@id\":\"https:\/\/complementarcursos.com.br\/blog\/#organization\"},\"image\":{\"@id\":\"https:\/\/complementarcursos.com.br\/blog\/o-que-e-aprender-o-cerebro-e-a-memoria\/#primaryimage\"},\"thumbnailUrl\":\"https:\/\/complementarcursos.com.br\/blog\/wp-content\/uploads\/2023\/05\/brain-g10483bbcf_1280.png\",\"keywords\":[\"Aprender\",\"aprendizado\",\"C\u00e9rebro\",\"O que \u00e9 aprende?\"],\"articleSection\":[\"Aprender\"],\"inLanguage\":\"pt-BR\",\"potentialAction\":[{\"@type\":\"CommentAction\",\"name\":\"Comment\",\"target\":[\"https:\/\/complementarcursos.com.br\/blog\/o-que-e-aprender-o-cerebro-e-a-memoria\/#respond\"]}]},{\"@type\":\"WebPage\",\"@id\":\"https:\/\/complementarcursos.com.br\/blog\/o-que-e-aprender-o-cerebro-e-a-memoria\/\",\"url\":\"https:\/\/complementarcursos.com.br\/blog\/o-que-e-aprender-o-cerebro-e-a-memoria\/\",\"name\":\"O que \u00e9 aprender? - O C\u00e9rebro e a mem\u00f3ria - Complementar cursos\",\"isPartOf\":{\"@id\":\"https:\/\/complementarcursos.com.br\/blog\/#website\"},\"primaryImageOfPage\":{\"@id\":\"https:\/\/complementarcursos.com.br\/blog\/o-que-e-aprender-o-cerebro-e-a-memoria\/#primaryimage\"},\"image\":{\"@id\":\"https:\/\/complementarcursos.com.br\/blog\/o-que-e-aprender-o-cerebro-e-a-memoria\/#primaryimage\"},\"thumbnailUrl\":\"https:\/\/complementarcursos.com.br\/blog\/wp-content\/uploads\/2023\/05\/brain-g10483bbcf_1280.png\",\"datePublished\":\"2023-05-18T15:46:06+00:00\",\"dateModified\":\"2023-05-18T15:51:04+00:00\",\"breadcrumb\":{\"@id\":\"https:\/\/complementarcursos.com.br\/blog\/o-que-e-aprender-o-cerebro-e-a-memoria\/#breadcrumb\"},\"inLanguage\":\"pt-BR\",\"potentialAction\":[{\"@type\":\"ReadAction\",\"target\":[\"https:\/\/complementarcursos.com.br\/blog\/o-que-e-aprender-o-cerebro-e-a-memoria\/\"]}]},{\"@type\":\"ImageObject\",\"inLanguage\":\"pt-BR\",\"@id\":\"https:\/\/complementarcursos.com.br\/blog\/o-que-e-aprender-o-cerebro-e-a-memoria\/#primaryimage\",\"url\":\"https:\/\/complementarcursos.com.br\/blog\/wp-content\/uploads\/2023\/05\/brain-g10483bbcf_1280.png\",\"contentUrl\":\"https:\/\/complementarcursos.com.br\/blog\/wp-content\/uploads\/2023\/05\/brain-g10483bbcf_1280.png\",\"width\":1280,\"height\":1050},{\"@type\":\"BreadcrumbList\",\"@id\":\"https:\/\/complementarcursos.com.br\/blog\/o-que-e-aprender-o-cerebro-e-a-memoria\/#breadcrumb\",\"itemListElement\":[{\"@type\":\"ListItem\",\"position\":1,\"name\":\"Home\",\"item\":\"https:\/\/complementarcursos.com.br\/blog\/\"},{\"@type\":\"ListItem\",\"position\":2,\"name\":\"O que \u00e9 aprender? &#8211; O C\u00e9rebro e a mem\u00f3ria\"}]},{\"@type\":\"WebSite\",\"@id\":\"https:\/\/complementarcursos.com.br\/blog\/#website\",\"url\":\"https:\/\/complementarcursos.com.br\/blog\/\",\"name\":\"Complementar cursos\",\"description\":\"Cursos gratuitos com op\u00e7\u00e3o de certificado\",\"publisher\":{\"@id\":\"https:\/\/complementarcursos.com.br\/blog\/#organization\"},\"potentialAction\":[{\"@type\":\"SearchAction\",\"target\":{\"@type\":\"EntryPoint\",\"urlTemplate\":\"https:\/\/complementarcursos.com.br\/blog\/?s={search_term_string}\"},\"query-input\":{\"@type\":\"PropertyValueSpecification\",\"valueRequired\":true,\"valueName\":\"search_term_string\"}}],\"inLanguage\":\"pt-BR\"},{\"@type\":\"Organization\",\"@id\":\"https:\/\/complementarcursos.com.br\/blog\/#organization\",\"name\":\"Complementar cursos\",\"url\":\"https:\/\/complementarcursos.com.br\/blog\/\",\"logo\":{\"@type\":\"ImageObject\",\"inLanguage\":\"pt-BR\",\"@id\":\"https:\/\/complementarcursos.com.br\/blog\/#\/schema\/logo\/image\/\",\"url\":\"https:\/\/complementarcursos.com.br\/blog\/wp-content\/uploads\/2021\/06\/logo-complementar.png\",\"contentUrl\":\"https:\/\/complementarcursos.com.br\/blog\/wp-content\/uploads\/2021\/06\/logo-complementar.png\",\"width\":1000,\"height\":200,\"caption\":\"Complementar cursos\"},\"image\":{\"@id\":\"https:\/\/complementarcursos.com.br\/blog\/#\/schema\/logo\/image\/\"}},{\"@type\":\"Person\",\"@id\":\"https:\/\/complementarcursos.com.br\/blog\/#\/schema\/person\/d37d6ed0f46d29af17648861ea93129d\",\"name\":\"Reda\u00e7\u00e3o Complementar\",\"image\":{\"@type\":\"ImageObject\",\"inLanguage\":\"pt-BR\",\"@id\":\"https:\/\/complementarcursos.com.br\/blog\/#\/schema\/person\/image\/\",\"url\":\"https:\/\/secure.gravatar.com\/avatar\/bfc5f024467e9878a904e0fe93df9243?s=96&d=mm&r=g\",\"contentUrl\":\"https:\/\/secure.gravatar.com\/avatar\/bfc5f024467e9878a904e0fe93df9243?s=96&d=mm&r=g\",\"caption\":\"Reda\u00e7\u00e3o Complementar\"},\"sameAs\":[\"https:\/\/complementarcursos.com.br\/blog\"],\"url\":\"https:\/\/complementarcursos.com.br\/blog\/author\/root\/\"}]}<\/script>\n<!-- \/ Yoast SEO plugin. -->","yoast_head_json":{"title":"O que \u00e9 aprender? - O C\u00e9rebro e a mem\u00f3ria - Complementar cursos","robots":{"index":"index","follow":"follow","max-snippet":"max-snippet:-1","max-image-preview":"max-image-preview:large","max-video-preview":"max-video-preview:-1"},"canonical":"https:\/\/complementarcursos.com.br\/blog\/o-que-e-aprender-o-cerebro-e-a-memoria\/","og_locale":"pt_BR","og_type":"article","og_title":"O que \u00e9 aprender? - O C\u00e9rebro e a mem\u00f3ria - Complementar cursos","og_description":"Como anunciado na parte 1 desta s\u00e9rie de textos sobre O que \u00e9 aprender?, vamos come\u00e7ar explorando os processos biof\u00edsicos do aprendizado, como o c\u00e9rebro aprende, como ele assimila o conhecimento?&nbsp; Primeiro vamos come\u00e7ar falando um pouco da mem\u00f3ria, parte importante da nossa condi\u00e7\u00e3o de ser humano. Como j\u00e1 falado anteriormente, at\u00e9 o s\u00e9culo XVI, [&hellip;]","og_url":"https:\/\/complementarcursos.com.br\/blog\/o-que-e-aprender-o-cerebro-e-a-memoria\/","og_site_name":"Complementar cursos","article_published_time":"2023-05-18T15:46:06+00:00","article_modified_time":"2023-05-18T15:51:04+00:00","og_image":[{"width":1280,"height":1050,"url":"https:\/\/complementarcursos.com.br\/blog\/wp-content\/uploads\/2023\/05\/brain-g10483bbcf_1280.png","type":"image\/png"}],"author":"Reda\u00e7\u00e3o Complementar","twitter_card":"summary_large_image","twitter_misc":{"Escrito por":"Reda\u00e7\u00e3o Complementar","Est. tempo de leitura":"5 minutos"},"schema":{"@context":"https:\/\/schema.org","@graph":[{"@type":"Article","@id":"https:\/\/complementarcursos.com.br\/blog\/o-que-e-aprender-o-cerebro-e-a-memoria\/#article","isPartOf":{"@id":"https:\/\/complementarcursos.com.br\/blog\/o-que-e-aprender-o-cerebro-e-a-memoria\/"},"author":{"name":"Reda\u00e7\u00e3o Complementar","@id":"https:\/\/complementarcursos.com.br\/blog\/#\/schema\/person\/d37d6ed0f46d29af17648861ea93129d"},"headline":"O que \u00e9 aprender? &#8211; O C\u00e9rebro e a mem\u00f3ria","datePublished":"2023-05-18T15:46:06+00:00","dateModified":"2023-05-18T15:51:04+00:00","mainEntityOfPage":{"@id":"https:\/\/complementarcursos.com.br\/blog\/o-que-e-aprender-o-cerebro-e-a-memoria\/"},"wordCount":922,"commentCount":0,"publisher":{"@id":"https:\/\/complementarcursos.com.br\/blog\/#organization"},"image":{"@id":"https:\/\/complementarcursos.com.br\/blog\/o-que-e-aprender-o-cerebro-e-a-memoria\/#primaryimage"},"thumbnailUrl":"https:\/\/complementarcursos.com.br\/blog\/wp-content\/uploads\/2023\/05\/brain-g10483bbcf_1280.png","keywords":["Aprender","aprendizado","C\u00e9rebro","O que \u00e9 aprende?"],"articleSection":["Aprender"],"inLanguage":"pt-BR","potentialAction":[{"@type":"CommentAction","name":"Comment","target":["https:\/\/complementarcursos.com.br\/blog\/o-que-e-aprender-o-cerebro-e-a-memoria\/#respond"]}]},{"@type":"WebPage","@id":"https:\/\/complementarcursos.com.br\/blog\/o-que-e-aprender-o-cerebro-e-a-memoria\/","url":"https:\/\/complementarcursos.com.br\/blog\/o-que-e-aprender-o-cerebro-e-a-memoria\/","name":"O que \u00e9 aprender? - O C\u00e9rebro e a mem\u00f3ria - Complementar cursos","isPartOf":{"@id":"https:\/\/complementarcursos.com.br\/blog\/#website"},"primaryImageOfPage":{"@id":"https:\/\/complementarcursos.com.br\/blog\/o-que-e-aprender-o-cerebro-e-a-memoria\/#primaryimage"},"image":{"@id":"https:\/\/complementarcursos.com.br\/blog\/o-que-e-aprender-o-cerebro-e-a-memoria\/#primaryimage"},"thumbnailUrl":"https:\/\/complementarcursos.com.br\/blog\/wp-content\/uploads\/2023\/05\/brain-g10483bbcf_1280.png","datePublished":"2023-05-18T15:46:06+00:00","dateModified":"2023-05-18T15:51:04+00:00","breadcrumb":{"@id":"https:\/\/complementarcursos.com.br\/blog\/o-que-e-aprender-o-cerebro-e-a-memoria\/#breadcrumb"},"inLanguage":"pt-BR","potentialAction":[{"@type":"ReadAction","target":["https:\/\/complementarcursos.com.br\/blog\/o-que-e-aprender-o-cerebro-e-a-memoria\/"]}]},{"@type":"ImageObject","inLanguage":"pt-BR","@id":"https:\/\/complementarcursos.com.br\/blog\/o-que-e-aprender-o-cerebro-e-a-memoria\/#primaryimage","url":"https:\/\/complementarcursos.com.br\/blog\/wp-content\/uploads\/2023\/05\/brain-g10483bbcf_1280.png","contentUrl":"https:\/\/complementarcursos.com.br\/blog\/wp-content\/uploads\/2023\/05\/brain-g10483bbcf_1280.png","width":1280,"height":1050},{"@type":"BreadcrumbList","@id":"https:\/\/complementarcursos.com.br\/blog\/o-que-e-aprender-o-cerebro-e-a-memoria\/#breadcrumb","itemListElement":[{"@type":"ListItem","position":1,"name":"Home","item":"https:\/\/complementarcursos.com.br\/blog\/"},{"@type":"ListItem","position":2,"name":"O que \u00e9 aprender? &#8211; O C\u00e9rebro e a mem\u00f3ria"}]},{"@type":"WebSite","@id":"https:\/\/complementarcursos.com.br\/blog\/#website","url":"https:\/\/complementarcursos.com.br\/blog\/","name":"Complementar cursos","description":"Cursos gratuitos com op\u00e7\u00e3o de certificado","publisher":{"@id":"https:\/\/complementarcursos.com.br\/blog\/#organization"},"potentialAction":[{"@type":"SearchAction","target":{"@type":"EntryPoint","urlTemplate":"https:\/\/complementarcursos.com.br\/blog\/?s={search_term_string}"},"query-input":{"@type":"PropertyValueSpecification","valueRequired":true,"valueName":"search_term_string"}}],"inLanguage":"pt-BR"},{"@type":"Organization","@id":"https:\/\/complementarcursos.com.br\/blog\/#organization","name":"Complementar cursos","url":"https:\/\/complementarcursos.com.br\/blog\/","logo":{"@type":"ImageObject","inLanguage":"pt-BR","@id":"https:\/\/complementarcursos.com.br\/blog\/#\/schema\/logo\/image\/","url":"https:\/\/complementarcursos.com.br\/blog\/wp-content\/uploads\/2021\/06\/logo-complementar.png","contentUrl":"https:\/\/complementarcursos.com.br\/blog\/wp-content\/uploads\/2021\/06\/logo-complementar.png","width":1000,"height":200,"caption":"Complementar cursos"},"image":{"@id":"https:\/\/complementarcursos.com.br\/blog\/#\/schema\/logo\/image\/"}},{"@type":"Person","@id":"https:\/\/complementarcursos.com.br\/blog\/#\/schema\/person\/d37d6ed0f46d29af17648861ea93129d","name":"Reda\u00e7\u00e3o Complementar","image":{"@type":"ImageObject","inLanguage":"pt-BR","@id":"https:\/\/complementarcursos.com.br\/blog\/#\/schema\/person\/image\/","url":"https:\/\/secure.gravatar.com\/avatar\/bfc5f024467e9878a904e0fe93df9243?s=96&d=mm&r=g","contentUrl":"https:\/\/secure.gravatar.com\/avatar\/bfc5f024467e9878a904e0fe93df9243?s=96&d=mm&r=g","caption":"Reda\u00e7\u00e3o Complementar"},"sameAs":["https:\/\/complementarcursos.com.br\/blog"],"url":"https:\/\/complementarcursos.com.br\/blog\/author\/root\/"}]}},"_links":{"self":[{"href":"https:\/\/complementarcursos.com.br\/blog\/wp-json\/wp\/v2\/posts\/13075","targetHints":{"allow":["GET"]}}],"collection":[{"href":"https:\/\/complementarcursos.com.br\/blog\/wp-json\/wp\/v2\/posts"}],"about":[{"href":"https:\/\/complementarcursos.com.br\/blog\/wp-json\/wp\/v2\/types\/post"}],"author":[{"embeddable":true,"href":"https:\/\/complementarcursos.com.br\/blog\/wp-json\/wp\/v2\/users\/1"}],"replies":[{"embeddable":true,"href":"https:\/\/complementarcursos.com.br\/blog\/wp-json\/wp\/v2\/comments?post=13075"}],"version-history":[{"count":3,"href":"https:\/\/complementarcursos.com.br\/blog\/wp-json\/wp\/v2\/posts\/13075\/revisions"}],"predecessor-version":[{"id":13081,"href":"https:\/\/complementarcursos.com.br\/blog\/wp-json\/wp\/v2\/posts\/13075\/revisions\/13081"}],"wp:featuredmedia":[{"embeddable":true,"href":"https:\/\/complementarcursos.com.br\/blog\/wp-json\/wp\/v2\/media\/13070"}],"wp:attachment":[{"href":"https:\/\/complementarcursos.com.br\/blog\/wp-json\/wp\/v2\/media?parent=13075"}],"wp:term":[{"taxonomy":"category","embeddable":true,"href":"https:\/\/complementarcursos.com.br\/blog\/wp-json\/wp\/v2\/categories?post=13075"},{"taxonomy":"post_tag","embeddable":true,"href":"https:\/\/complementarcursos.com.br\/blog\/wp-json\/wp\/v2\/tags?post=13075"}],"curies":[{"name":"wp","href":"https:\/\/api.w.org\/{rel}","templated":true}]}}